{"id":373,"date":"2022-01-11T14:09:08","date_gmt":"2022-01-11T13:09:08","guid":{"rendered":"https:\/\/retura.no\/nomil\/?p=373"},"modified":"2025-09-02T14:46:29","modified_gmt":"2025-09-02T12:46:29","slug":"prisjustering-fra-januar-2022","status":"publish","type":"post","link":"https:\/\/retura.no\/nomil\/prisjustering-fra-januar-2022\/","title":{"rendered":"Prisjustering fr\u00e5 januar 2022"},"content":{"rendered":"\n\n\n<p><strong>Til v\u00e5re kundar,<\/strong><\/p>\n\n\n\n<p>Informasjon om prisjustering fr\u00e5 januar 2022.<\/p>\n\n\n\n<p><strong>Vedtak om innf\u00f8ring av Co2 avgift p\u00e5 forbrenning av avfall fr\u00e5 1. januar 2022<\/strong>.<\/p>\n\n\n\n<p>Stortingets vedtak om Co2 avgift p\u00e5 forbrenning av avfall f\u00f8rer til ein avgiftsauke pr tonn p\u00e5<br>kr 106,-. Retura Nomil AS vidaref\u00f8rer avgifta i si heilheit til v\u00e5re kundar p\u00e5 ber\u00f8rte avfallsfraksjonar.<\/p>\n\n\n\n<p>Dette er ei offentleg avgift, og vil p\u00e5verke alle n\u00e6ringskundar uavhengig av avfallsakt\u00f8r.<\/p>\n\n\n\n<p><strong>Generell prisjustering<\/strong><\/p>\n\n\n\n<p>Retura Nomil AS ynskjer med dette \u00e5 varsle om prisjustering fr\u00e5 1. januar 2022. Grunnlaget for prisjusteringa er den generelle utviklinga i norsk \u00f8konomi, samt utvikling i den norske og internasjonale marknaden for resirkulerte r\u00e5varer som er blitt sterkt p\u00e5verka gjennom pandemien. Prisar p\u00e5 avfallsfraksjonar og transport blir justert med 5,5% basert p\u00e5 SSB sine indeksar.<\/p>\n\n\n\n<p><strong>R\u00e5dgjeving<\/strong><\/p>\n\n\n\n<p>I l\u00f8pet av \u00e5ret har mange av v\u00e5re kundar kontakta oss for ein gjennomgang av sine avfallsl\u00f8ysingar. Med r\u00e5dgjeving fr\u00e5 oss, har dei f\u00e5tt h\u00f8gare sorteringsgrad og meir berekraftige avfallsl\u00f8ysingar.<\/p>\n\n\n\n<p>Som kunde er du viktig for Retura Nomil AS, og vi svarar gjerne p\u00e5 sp\u00f8rsm\u00e5l. Kontakt og gjerne p\u00e5 e- post post@returanomil.no eller p\u00e5 telefon 940 35 702.<\/p>\n\n\n\n<p>Med helsing<br>Retura Nomil AS<\/p>\n\n\n\n<p>Nils Rune Nesbakk<br>Marknadsansvarleg<\/p>\n","protected":false},"excerpt":{"rendered":"<p>Til v\u00e5re kundar, Informasjon om prisjustering fr\u00e5 januar 2022. Vedtak om innf\u00f8ring av Co2 avgift p\u00e5 forbrenning av avfall fr\u00e5 1. januar 2022. Stortingets vedtak om Co2 avgift p\u00e5 forbrenning av avfall f\u00f8rer til ein avgiftsauke pr tonn p\u00e5kr 106,-. Retura Nomil AS vidaref\u00f8rer avgifta i si heilheit til v\u00e5re kundar p\u00e5 ber\u00f8rte avfallsfraksjonar. Dette [&#8230;]\n","protected":false},"author":5,"featured_media":377,"comment_status":"closed","ping_status":"open","sticky":true,"template":"","format":"standard","meta":{"footnotes":""},"categories":[2],"tags":[],"class_list":["post-373","post","type-post","status-publish","format-standard","has-post-thumbnail","hentry","category-nyheter"],"_links":{"self":[{"href":"https:\/\/retura.no\/nomil\/wp-json\/wp\/v2\/posts\/373","targetHints":{"allow":["GET"]}}],"collection":[{"href":"https:\/\/retura.no\/nomil\/wp-json\/wp\/v2\/posts"}],"about":[{"href":"https:\/\/retura.no\/nomil\/wp-json\/wp\/v2\/types\/post"}],"author":[{"embeddable":true,"href":"https:\/\/retura.no\/nomil\/wp-json\/wp\/v2\/users\/5"}],"replies":[{"embeddable":true,"href":"https:\/\/retura.no\/nomil\/wp-json\/wp\/v2\/comments?post=373"}],"version-history":[{"count":6,"href":"https:\/\/retura.no\/nomil\/wp-json\/wp\/v2\/posts\/373\/revisions"}],"predecessor-version":[{"id":381,"href":"https:\/\/retura.no\/nomil\/wp-json\/wp\/v2\/posts\/373\/revisions\/381"}],"wp:featuredmedia":[{"embeddable":true,"href":"https:\/\/retura.no\/nomil\/wp-json\/wp\/v2\/media\/377"}],"wp:attachment":[{"href":"https:\/\/retura.no\/nomil\/wp-json\/wp\/v2\/media?parent=373"}],"wp:term":[{"taxonomy":"category","embeddable":true,"href":"https:\/\/retura.no\/nomil\/wp-json\/wp\/v2\/categories?post=373"},{"taxonomy":"post_tag","embeddable":true,"href":"https:\/\/retura.no\/nomil\/wp-json\/wp\/v2\/tags?post=373"}],"curies":[{"name":"wp","href":"https:\/\/api.w.org\/{rel}","templated":true}]}}